{"id":27088,"global_id":"www.canblau.net\/ca\/?id=27088","global_id_lineage":["www.canblau.net\/ca\/?id=27088"],"author":"2","status":"publish","date":"2021-05-19 20:54:51","date_utc":"2021-05-19 18:54:51","modified":"2021-06-02 18:14:00","modified_utc":"2021-06-02 16:14:00","url":"https:\/\/www.canblau.net\/ca\/evento\/periode-de-renovacions-alumnes-amb-placa-de-l1-al-12-de-juny-curs-2021-22\/","rest_url":"https:\/\/www.canblau.net\/ca\/wp-json\/tribe\/events\/v1\/events\/27088","title":"renovacions alumnes amb pla\u00e7a de l&#8217;1 al 12 de juny curs 2021\/22","description":"<p><strong>INSTRUCCIONS PER A ALUMNES AMB PLA\u00c7A<\/strong>.<\/p>\n<p>Dates de renovacions de l&#8217;1 al 12 de juny.<\/p>\n<h2><span style=\"color: #0000ff;\"><a style=\"color: #0000ff;\" href=\"https:\/\/www.santjosepdesatalaia.es\/autoliqCanBlau_ca.aspx\">Enlla\u00e7 renovaci\u00f3 matr\u00edcula alumnes amb pla\u00e7a (enlla\u00e7 formulari autoliquidaci\u00f3)<\/a><\/span><\/h2>\n<p>Una vegada realitzat el pagament,\u00a0 enviar c\u00f2pia del justificant al correu electr\u00f2nic <strong>canblau@santjosep.org<\/strong><\/p>\n<hr \/>\n<p>En el cas de tramit de segon germ\u00e0 menor amb pla\u00e7a.<\/p>\n<p>Realitzar el tramit de segons germans menors com amb cost zero, marcant el <strong>tramit pagament amb targeta,<\/strong> no existir\u00e0 cap c\u00e0rrec i es registrar\u00e0 la matricula<\/p>\n<p><strong>NOTA: En el cas de no realitzar el tr\u00e0mit de renovaci\u00f3 en temps i forma, no es podr\u00e0 garantir la pla\u00e7a<\/strong><\/p>\n<hr \/>\n<h2><span style=\"color: #3366ff;\"><a style=\"color: #3366ff;\" href=\"https:\/\/www.canblau.net\/wp-content\/uploads\/2021\/05\/Horari-provisional-21-22.pdf\">Horari provisional 21-22 classes col\u00b7lectives clica per a m\u00e9s informaci\u00f3<\/a><\/span><\/h2>","excerpt":"","slug":"periode-de-renovacions-alumnes-amb-placa-de-l1-al-12-de-juny-curs-2021-22","image":{"url":"https:\/\/www.canblau.net\/wp-content\/uploads\/2021\/05\/2-catalan-fechas-renovaciones-2021.png","id":27085,"extension":"png","width":810,"height":450,"sizes":{"medium":{"width":300,"height":167,"mime-type":"image\/png","url":"https:\/\/www.canblau.net\/wp-content\/uploads\/2021\/05\/2-catalan-fechas-renovaciones-2021-300x167.png"},"thumbnail":{"width":150,"height":150,"mime-type":"image\/png","url":"https:\/\/www.canblau.net\/wp-content\/uploads\/2021\/05\/2-catalan-fechas-renovaciones-2021-150x150.png"},"medium_large":{"width":768,"height":427,"mime-type":"image\/png","url":"https:\/\/www.canblau.net\/wp-content\/uploads\/2021\/05\/2-catalan-fechas-renovaciones-2021-768x427.png"},"post-thumbnail":{"width":672,"height":372,"mime-type":"image\/png","url":"https:\/\/www.canblau.net\/wp-content\/uploads\/2021\/05\/2-catalan-fechas-renovaciones-2021-672x372.png"}}},"all_day":true,"start_date":"2021-05-13 00:00:00","start_date_details":{"year":"2021","month":"05","day":"13","hour":"00","minutes":"00","seconds":"00"},"end_date":"2021-06-12 23:59:59","end_date_details":{"year":"2021","month":"06","day":"12","hour":"23","minutes":"59","seconds":"59"},"utc_start_date":"2021-05-12 22:00:00","utc_start_date_details":{"year":"2021","month":"05","day":"12","hour":"22","minutes":"00","seconds":"00"},"utc_end_date":"2021-06-12 21:59:59","utc_end_date_details":{"year":"2021","month":"06","day":"12","hour":"21","minutes":"59","seconds":"59"},"timezone":"Europe\/Madrid","timezone_abbr":"CEST","cost":"","cost_details":{"currency_symbol":"","currency_code":"","currency_position":"prefix","values":[]},"website":"","show_map":true,"show_map_link":true,"hide_from_listings":false,"sticky":false,"featured":false,"categories":[{"name":"Clases","slug":"clases-ca","term_group":0,"term_taxonomy_id":11,"taxonomy":"tribe_events_cat","description":"","parent":0,"count":241,"filter":"raw","id":11,"urls":{"self":"https:\/\/www.canblau.net\/ca\/wp-json\/tribe\/events\/v1\/categories\/11","collection":"https:\/\/www.canblau.net\/ca\/wp-json\/tribe\/events\/v1\/categories"}},{"name":"Conciertos","slug":"conciertos-ca","term_group":0,"term_taxonomy_id":10,"taxonomy":"tribe_events_cat","description":"","parent":0,"count":283,"filter":"raw","id":10,"urls":{"self":"https:\/\/www.canblau.net\/ca\/wp-json\/tribe\/events\/v1\/categories\/10","collection":"https:\/\/www.canblau.net\/ca\/wp-json\/tribe\/events\/v1\/categories"}},{"name":"Destacado","slug":"destacado-ca","term_group":0,"term_taxonomy_id":12,"taxonomy":"tribe_events_cat","description":"","parent":0,"count":329,"filter":"raw","id":12,"urls":{"self":"https:\/\/www.canblau.net\/ca\/wp-json\/tribe\/events\/v1\/categories\/12","collection":"https:\/\/www.canblau.net\/ca\/wp-json\/tribe\/events\/v1\/categories"}}],"tags":[],"venue":[],"organizer":[],"custom_fields":[],"json_ld":{"@context":"http:\/\/schema.org","@type":"Event","name":"renovacions alumnes amb pla\u00e7a de l&#8217;1 al 12 de juny curs 2021\/22","description":"&lt;p&gt;INSTRUCCIONS PER A ALUMNES AMB PLA\u00c7A. Dates de renovacions de l\\'1 al 12 de juny. Enlla\u00e7 renovaci\u00f3 matr\u00edcula alumnes amb pla\u00e7a (enlla\u00e7 formulari autoliquidaci\u00f3) Una vegada realitzat el pagament,\u00a0 enviar [&hellip;]&lt;\/p&gt;\\n","image":"https:\/\/www.canblau.net\/wp-content\/uploads\/2021\/05\/2-catalan-fechas-renovaciones-2021.png","url":"https:\/\/www.canblau.net\/ca\/evento\/periode-de-renovacions-alumnes-amb-placa-de-l1-al-12-de-juny-curs-2021-22\/","eventAttendanceMode":"https:\/\/schema.org\/OfflineEventAttendanceMode","eventStatus":"https:\/\/schema.org\/EventScheduled","startDate":"2021-05-13T00:00:00+02:00","endDate":"2021-06-12T23:59:59+02:00","performer":"Organization"},"is_virtual":false,"virtual_url":null,"virtual_video_source":""}