{"id":26384,"global_id":"www.canblau.net\/ca\/?id=26384","global_id_lineage":["www.canblau.net\/ca\/?id=26384"],"author":"2","status":"publish","date":"2019-06-28 14:47:10","date_utc":"2019-06-28 14:47:10","modified":"2019-06-28 14:47:10","modified_utc":"2019-06-28 14:47:10","url":"https:\/\/www.canblau.net\/ca\/evento\/concert-ibiza-blau-music-audio-visual-per-celebrar-els-seus-cinc-anys-de-trajectoria-amb-projeccions-musica-digital-i-composicions-comtemporanies\/","rest_url":"https:\/\/www.canblau.net\/ca\/wp-json\/tribe\/events\/v1\/events\/26384","title":"Concert Ibiza Blau Music Audio Visual  per celebrar els seus cinc anys de traject\u00f2ria amb projeccions, m\u00fasica digital i composicions comtempor\u00e0nies","description":"","excerpt":"","slug":"concert-ibiza-blau-music-audio-visual-per-celebrar-els-seus-cinc-anys-de-trajectoria-amb-projeccions-musica-digital-i-composicions-comtemporanies","image":{"url":"https:\/\/www.canblau.net\/wp-content\/uploads\/2019\/06\/WhatsApp-Image-2019-06-28-at-12.32.59.jpeg","id":26385,"extension":"jpeg","width":1164,"height":1600,"sizes":{"thumbnail":{"width":150,"height":150,"mime-type":"image\/jpeg","url":"https:\/\/www.canblau.net\/wp-content\/uploads\/2019\/06\/WhatsApp-Image-2019-06-28-at-12.32.59-150x150.jpeg"},"medium":{"width":218,"height":300,"mime-type":"image\/jpeg","url":"https:\/\/www.canblau.net\/wp-content\/uploads\/2019\/06\/WhatsApp-Image-2019-06-28-at-12.32.59-218x300.jpeg"},"medium_large":{"width":768,"height":1056,"mime-type":"image\/jpeg","url":"https:\/\/www.canblau.net\/wp-content\/uploads\/2019\/06\/WhatsApp-Image-2019-06-28-at-12.32.59-768x1056.jpeg"},"large":{"width":745,"height":1024,"mime-type":"image\/jpeg","url":"https:\/\/www.canblau.net\/wp-content\/uploads\/2019\/06\/WhatsApp-Image-2019-06-28-at-12.32.59-745x1024.jpeg"},"post-thumbnail":{"width":672,"height":372,"mime-type":"image\/jpeg","url":"https:\/\/www.canblau.net\/wp-content\/uploads\/2019\/06\/WhatsApp-Image-2019-06-28-at-12.32.59-672x372.jpeg"},"twentyfourteen-full-width":{"width":1038,"height":576,"mime-type":"image\/jpeg","url":"https:\/\/www.canblau.net\/wp-content\/uploads\/2019\/06\/WhatsApp-Image-2019-06-28-at-12.32.59-1038x576.jpeg"}}},"all_day":false,"start_date":"2019-07-03 21:00:00","start_date_details":{"year":"2019","month":"07","day":"03","hour":"21","minutes":"00","seconds":"00"},"end_date":"2019-07-03 23:00:00","end_date_details":{"year":"2019","month":"07","day":"03","hour":"23","minutes":"00","seconds":"00"},"utc_start_date":"2019-07-03 21:00:00","utc_start_date_details":{"year":"2019","month":"07","day":"03","hour":"21","minutes":"00","seconds":"00"},"utc_end_date":"2019-07-03 23:00:00","utc_end_date_details":{"year":"2019","month":"07","day":"03","hour":"23","minutes":"00","seconds":"00"},"timezone":"UTC+0","timezone_abbr":"UTC+0","cost":"","cost_details":{"currency_symbol":"","currency_code":"","currency_position":"prefix","values":[]},"website":"","show_map":true,"show_map_link":true,"hide_from_listings":false,"sticky":false,"featured":false,"categories":[{"name":"Clases","slug":"clases-ca","term_group":0,"term_taxonomy_id":11,"taxonomy":"tribe_events_cat","description":"","parent":0,"count":241,"filter":"raw","id":11,"urls":{"self":"https:\/\/www.canblau.net\/ca\/wp-json\/tribe\/events\/v1\/categories\/11","collection":"https:\/\/www.canblau.net\/ca\/wp-json\/tribe\/events\/v1\/categories"}},{"name":"Conciertos","slug":"conciertos-ca","term_group":0,"term_taxonomy_id":10,"taxonomy":"tribe_events_cat","description":"","parent":0,"count":283,"filter":"raw","id":10,"urls":{"self":"https:\/\/www.canblau.net\/ca\/wp-json\/tribe\/events\/v1\/categories\/10","collection":"https:\/\/www.canblau.net\/ca\/wp-json\/tribe\/events\/v1\/categories"}},{"name":"Destacado","slug":"destacado-ca","term_group":0,"term_taxonomy_id":12,"taxonomy":"tribe_events_cat","description":"","parent":0,"count":329,"filter":"raw","id":12,"urls":{"self":"https:\/\/www.canblau.net\/ca\/wp-json\/tribe\/events\/v1\/categories\/12","collection":"https:\/\/www.canblau.net\/ca\/wp-json\/tribe\/events\/v1\/categories"}}],"tags":[],"venue":[],"organizer":[],"custom_fields":[],"json_ld":{"@context":"http:\/\/schema.org","@type":"Event","name":"Concert Ibiza Blau Music Audio Visual  per celebrar els seus cinc anys de traject\u00f2ria amb projeccions, m\u00fasica digital i composicions comtempor\u00e0nies","description":"","image":"https:\/\/www.canblau.net\/wp-content\/uploads\/2019\/06\/WhatsApp-Image-2019-06-28-at-12.32.59.jpeg","url":"https:\/\/www.canblau.net\/ca\/evento\/concert-ibiza-blau-music-audio-visual-per-celebrar-els-seus-cinc-anys-de-trajectoria-amb-projeccions-musica-digital-i-composicions-comtemporanies\/","eventAttendanceMode":"https:\/\/schema.org\/OfflineEventAttendanceMode","eventStatus":"https:\/\/schema.org\/EventScheduled","startDate":"2019-07-03T21:00:00+00:00","endDate":"2019-07-03T23:00:00+00:00","performer":"Organization"},"is_virtual":false,"virtual_url":null,"virtual_video_source":""}